{"id":30969,"date":"2022-03-28T17:56:00","date_gmt":"2022-03-28T15:56:00","guid":{"rendered":"https:\/\/www.nicomokveld.nl\/wordpress\/?p=30969"},"modified":"2022-04-13T19:13:19","modified_gmt":"2022-04-13T17:13:19","slug":"ineens-weg-van-huis","status":"publish","type":"post","link":"https:\/\/www.nicomokveld.nl\/wordpress\/ineens-weg-van-huis\/","title":{"rendered":"Ineens weg van huis"},"content":{"rendered":"<div id=\"fb-root\"><\/div>\n\n<figure class=\"wp-block-image\"><img decoding=\"async\" src=\"https:\/\/e4p7c9i3.stackpathcdn.com\/wp-content\/uploads\/2022\/03\/ukraine_refugees_aleksander_majdanski_04.jpg?iv=365\" alt=\"ukraine_refugees_aleksander_majdanski_04\"\/><\/figure>\n\n\n\n<p><strong>&#8216;Sinds het begin van de oorlog in Oekra\u00efne ben ik vrouwen gaan portretteren die voor de oorlog naar Polen waren gevlucht&#8217;, zegt Aleksander Majda\u0144ski in een toelichting. De portretten toont de kinderen of hun Oekra\u00efense moeders wier echtgenoten, vaders, zonen of broers in Oekra\u00efne verbleven om voor hun land te vechten en die vanwege de oorlog hun thuisland moesten verlaten.<\/strong><\/p>\n\n\n\n<figure class=\"wp-block-image\"><img decoding=\"async\" src=\"https:\/\/e4p7c9i3.stackpathcdn.com\/wp-content\/uploads\/2022\/03\/ukraine_refugees_aleksander_majdanski_09.jpg?iv=365\" alt=\"ukraine_refugees_aleksander_majdanski_09\"\/><\/figure>\n\n\n\n<p>Zij ontsnapten aan de oorlog, meestal met weinig bagage, in de hoop dat ze zo snel mogelijk naar huis zouden kunnen terugkeren. Nadat ze naar Polen waren gekomen, vonden ze daar voorlopig onderdak. De foto&#8217;s zijn gemaakt in de huizen waar ze verbleven. <a href=\"https:\/\/designyoutrust.com\/2022\/03\/photographer-showing-the-reality-of-ukrainian-children-and-women-who-have-escaped-from-war-to-poland\/\">bronbericht<\/a><\/p>\n\n\n\n<figure class=\"wp-block-image\"><img decoding=\"async\" src=\"https:\/\/e4p7c9i3.stackpathcdn.com\/wp-content\/uploads\/2022\/03\/ukraine_refugees_aleksander_majdanski_12.jpg?iv=365\" alt=\"ukraine_refugees_aleksander_majdanski_12\"\/><\/figure>\n","protected":false},"excerpt":{"rendered":"<p>&#8216;Sinds het begin van de oorlog in Oekra\u00efne ben ik vrouwen gaan portretteren die voor de oorlog naar Polen waren gevlucht&#8217;, zegt Aleksander Majda\u0144ski in een toelichting. De portretten toont de kinderen of hun Oekra\u00efense moeders wier echtgenoten, vaders, zonen of broers in Oekra\u00efne verbleven om voor hun land te vechten en die vanwege de [&hellip;]<\/p>\n","protected":false},"author":1,"featured_media":0,"comment_status":"closed","ping_status":"open","sticky":false,"template":"","format":"standard","meta":{"footnotes":""},"categories":[45],"tags":[],"class_list":["post-30969","post","type-post","status-publish","format-standard","hentry","category-in-beeld"],"_links":{"self":[{"href":"https:\/\/www.nicomokveld.nl\/wordpress\/wp-json\/wp\/v2\/posts\/30969","targetHints":{"allow":["GET"]}}],"collection":[{"href":"https:\/\/www.nicomokveld.nl\/wordpress\/wp-json\/wp\/v2\/posts"}],"about":[{"href":"https:\/\/www.nicomokveld.nl\/wordpress\/wp-json\/wp\/v2\/types\/post"}],"author":[{"embeddable":true,"href":"https:\/\/www.nicomokveld.nl\/wordpress\/wp-json\/wp\/v2\/users\/1"}],"replies":[{"embeddable":true,"href":"https:\/\/www.nicomokveld.nl\/wordpress\/wp-json\/wp\/v2\/comments?post=30969"}],"version-history":[{"count":2,"href":"https:\/\/www.nicomokveld.nl\/wordpress\/wp-json\/wp\/v2\/posts\/30969\/revisions"}],"predecessor-version":[{"id":30984,"href":"https:\/\/www.nicomokveld.nl\/wordpress\/wp-json\/wp\/v2\/posts\/30969\/revisions\/30984"}],"wp:attachment":[{"href":"https:\/\/www.nicomokveld.nl\/wordpress\/wp-json\/wp\/v2\/media?parent=30969"}],"wp:term":[{"taxonomy":"category","embeddable":true,"href":"https:\/\/www.nicomokveld.nl\/wordpress\/wp-json\/wp\/v2\/categories?post=30969"},{"taxonomy":"post_tag","embeddable":true,"href":"https:\/\/www.nicomokveld.nl\/wordpress\/wp-json\/wp\/v2\/tags?post=30969"}],"curies":[{"name":"wp","href":"https:\/\/api.w.org\/{rel}","templated":true}]}}